{"id":84,"date":"2026-03-05T10:25:27","date_gmt":"2026-03-05T10:25:27","guid":{"rendered":"https:\/\/www.ldh53.fr\/?p=84"},"modified":"2026-03-05T10:25:27","modified_gmt":"2026-03-05T10:25:27","slug":"rendez-vous-place-du-11-novembre-a-laval","status":"publish","type":"post","link":"https:\/\/www.ldh53.fr\/index.php\/2026\/03\/05\/rendez-vous-place-du-11-novembre-a-laval\/","title":{"rendered":"rendez vous place du 11 novembre \u00e0 Laval"},"content":{"rendered":"<h2 style=\"text-align: center;\">Samedi 21 mars 2026<\/h2>\n<h2>Journ\u00e9e internationale pour l\u2019\u00e9limination de la discrimination raciale<\/h2>\n<p><img loading=\"lazy\" decoding=\"async\" class=\" wp-image-86 aligncenter\" src=\"http:\/\/www.ldh53.fr\/wp-content\/uploads\/2026\/03\/Visuel-expo-21-mars-corrige-212x300.jpg\" alt=\"\" width=\"487\" height=\"689\" srcset=\"https:\/\/www.ldh53.fr\/wp-content\/uploads\/2026\/03\/Visuel-expo-21-mars-corrige-212x300.jpg 212w, https:\/\/www.ldh53.fr\/wp-content\/uploads\/2026\/03\/Visuel-expo-21-mars-corrige-724x1024.jpg 724w, https:\/\/www.ldh53.fr\/wp-content\/uploads\/2026\/03\/Visuel-expo-21-mars-corrige-768x1086.jpg 768w, https:\/\/www.ldh53.fr\/wp-content\/uploads\/2026\/03\/Visuel-expo-21-mars-corrige.jpg 794w\" sizes=\"auto, (max-width: 487px) 100vw, 487px\" \/><\/p>\n<p>&nbsp;<\/p>\n<p>\u00ab\u00a0Jusqu\u2019aux d\u00e9colonisations, images et discours de glorification furent les alli\u00e9s puissants de la colonisation qui a servi de socle sur lequel la France a l\u00e9gitim\u00e9 son \u0153uvre outre-mer pendant qu\u2019elle l\u2019\u00e9laborait. Quelles repr\u00e9sentations a-t-elle donc produites et quelles traces a-t-elle laiss\u00e9es dans notre inconscient collectif ? Pour y r\u00e9pondre, il faut plonger dans le \u00ab bain colonial \u00bb et analyser les images et les discours qui ont accompagn\u00e9 cette longue histoire. Ces images, omnipr\u00e9sentes, qui s\u2019immis\u00e7aient dans chaque moment de la vie, des images de propagande, des images de s\u00e9duction (cin\u00e9ma, publicit\u00e9, spectacle\u2026), mais aussi des images \u00e9ducatives et divertissantes, des images faites souvent d\u2019exotisme et parfois de violence, des images de promotion \u00e9conomique ou de recrutement militaire pour soutenir l\u2019action coloniale.<\/p>\n<p>Elles ont non seulement mis en sc\u00e8ne le \u00ab destin civilisateur de la France \u00bb, mais elles ont \u00e9galement diffus\u00e9 dans toute la soci\u00e9t\u00e9 une v\u00e9ritable culture coloniale. Il faut expliquer les m\u00e9canismes de fabrication de ces images pour comprendre comment elles ont diffus\u00e9, en profondeur, les messages de la propagande capable de s\u00e9duire un large public, et imprim\u00e9 dans les esprits des repr\u00e9sentations des populations colonis\u00e9es qui ont particip\u00e9 de la construction du racisme et des discriminations. Cinquante-cinq ans apr\u00e8s les d\u00e9colonisations, cette exposition se pr\u00e9sente comme un lieu de m\u00e9moire ; elle vise \u00e0 mieux conna\u00eetre les images d\u2019hier pour d\u00e9coder nos repr\u00e9sentations d\u2019aujourd\u2019hui et comprendre autrement l\u2019histoire coloniale de la France.\u00a0\u00bb<\/p>\n<p align=\"right\"><i>In \u00ab\u00a0Images et colonies\u00a0en France \u00bb\u00a0; <\/i>Pascal BLANCHARD<\/p>\n<p><a href=\"http:\/\/www.ldh53.fr\/wp-content\/uploads\/2026\/03\/Visuel-expo-21-mars-corrige.pdf\">t\u00e9l\u00e9charger l&#8217;image Visuel expo 21 mars corrig\u00e9<\/a>\u00a0<\/p>\n\n\n<p><\/p>\n","protected":false},"excerpt":{"rendered":"<p>Samedi 21 mars 2026 Journ\u00e9e internationale pour l\u2019\u00e9limination de la discrimination raciale &nbsp; \u00ab\u00a0Jusqu\u2019aux d\u00e9colonisations, images et discours de glorification furent les alli\u00e9s puissants de la colonisation qui a servi de socle sur lequel la France a l\u00e9gitim\u00e9 son \u0153uvre outre-mer pendant qu\u2019elle l\u2019\u00e9laborait. Quelles repr\u00e9sentations a-t-elle donc produites et quelles traces a-t-elle laiss\u00e9es dans [&hellip;]<\/p>\n","protected":false},"author":1,"featured_media":0,"comment_status":"closed","ping_status":"closed","sticky":false,"template":"","format":"standard","meta":{"footnotes":""},"categories":[1],"tags":[],"class_list":["post-84","post","type-post","status-publish","format-standard","hentry","category-blog"],"_links":{"self":[{"href":"https:\/\/www.ldh53.fr\/index.php\/wp-json\/wp\/v2\/posts\/84","targetHints":{"allow":["GET"]}}],"collection":[{"href":"https:\/\/www.ldh53.fr\/index.php\/wp-json\/wp\/v2\/posts"}],"about":[{"href":"https:\/\/www.ldh53.fr\/index.php\/wp-json\/wp\/v2\/types\/post"}],"author":[{"embeddable":true,"href":"https:\/\/www.ldh53.fr\/index.php\/wp-json\/wp\/v2\/users\/1"}],"replies":[{"embeddable":true,"href":"https:\/\/www.ldh53.fr\/index.php\/wp-json\/wp\/v2\/comments?post=84"}],"version-history":[{"count":1,"href":"https:\/\/www.ldh53.fr\/index.php\/wp-json\/wp\/v2\/posts\/84\/revisions"}],"predecessor-version":[{"id":87,"href":"https:\/\/www.ldh53.fr\/index.php\/wp-json\/wp\/v2\/posts\/84\/revisions\/87"}],"wp:attachment":[{"href":"https:\/\/www.ldh53.fr\/index.php\/wp-json\/wp\/v2\/media?parent=84"}],"wp:term":[{"taxonomy":"category","embeddable":true,"href":"https:\/\/www.ldh53.fr\/index.php\/wp-json\/wp\/v2\/categories?post=84"},{"taxonomy":"post_tag","embeddable":true,"href":"https:\/\/www.ldh53.fr\/index.php\/wp-json\/wp\/v2\/tags?post=84"}],"curies":[{"name":"wp","href":"https:\/\/api.w.org\/{rel}","templated":true}]}}