{"id":82,"date":"2026-02-27T16:43:16","date_gmt":"2026-02-27T16:43:16","guid":{"rendered":"https:\/\/www.ldh53.fr\/?p=82"},"modified":"2026-02-27T16:43:16","modified_gmt":"2026-02-27T16:43:16","slug":"semaines-ensemble-luttons-contre-les-discriminations-2026","status":"publish","type":"post","link":"https:\/\/www.ldh53.fr\/index.php\/2026\/02\/27\/semaines-ensemble-luttons-contre-les-discriminations-2026\/","title":{"rendered":"Semaines Ensemble Luttons Contre les Discriminations 2026"},"content":{"rendered":"<p align=\"center\"><span style=\"font-size: large;\"><b><span style=\"color: #000000;\"><span style=\"font-family: LiberationSerif, sans-serif;\">Collectif <\/span><\/span><span style=\"color: #000000;\"><span style=\"font-family: LiberationSerif, sans-serif;\">U<\/span><\/span><span style=\"color: #000000;\"><span style=\"font-family: LiberationSerif, sans-serif;\">nissons <\/span><\/span><span style=\"color: #000000;\"><span style=\"font-family: LiberationSerif, sans-serif;\">N<\/span><\/span><span style=\"color: #000000;\"><span style=\"font-family: LiberationSerif, sans-serif;\">os <\/span><\/span><span style=\"color: #000000;\"><span style=\"font-family: LiberationSerif, sans-serif;\">D<\/span><\/span><span style=\"color: #000000;\"><span style=\"font-family: LiberationSerif, sans-serif;\">iff\u00e9rences<\/span><\/span><\/b><\/span><\/p>\n<p align=\"left\">\n<p align=\"left\"><span style=\"color: #000000;\"><span style=\"font-family: ArialMT, sans-serif;\"><span style=\"font-size: medium;\">Editorial<\/span><\/span><\/span><\/p>\n<p align=\"left\"><span style=\"font-size: medium;\"><i><span style=\"color: #000000;\"><span style=\"font-family: ArialMT, sans-serif;\">Le contexte g\u00e9opolitique actuel, chaotique et inqui\u00e9tant ne fait que renforcer l\u2019id\u00e9e que notre collectif<\/span><\/span><\/i><\/span><\/p>\n<p align=\"left\"><span style=\"font-size: medium;\"><i><span style=\"color: #000000;\"><span style=\"font-family: ArialMT, sans-serif;\">Unissons Nos Diff\u00e9rences a toute sa place et toute sa l\u00e9gitimiste dans le tissu territorial ; \u00eatre unis pour lutter contre toutes les discriminations n&#8217;est pas seulement un combat, c&#8217;est un passeport pour le bien-\u00eatre et la p\u00e9rennit<\/span><\/span><span style=\"color: #000000;\"><span style=\"font-family: ArialMT, sans-serif;\">\u00e9<\/span><\/span><span style=\"color: #000000;\"><span style=\"font-family: ArialMT, sans-serif;\"> des g<\/span><\/span><span style=\"color: #000000;\"><span style=\"font-family: ArialMT, sans-serif;\">\u00e9<\/span><\/span><span style=\"color: #000000;\"><span style=\"font-family: ArialMT, sans-serif;\">n<\/span><\/span><span style=\"color: #000000;\"><span style=\"font-family: ArialMT, sans-serif;\">\u00e9<\/span><\/span><span style=\"color: #000000;\"><span style=\"font-family: ArialMT, sans-serif;\">rations futures et de l\u2019humanit\u00e9 ; aller vers l&#8217;autre, c&#8217;est renoncer a l\u2019indiff\u00e9rence et promouvoir le bien vivre ensemble.<\/span><\/span><\/i><\/span><\/p>\n<p align=\"left\"><span style=\"color: #000000;\"><span style=\"font-family: ArialMT, sans-serif;\"><span style=\"font-size: medium;\"><i>Le pr\u00e9sident de l&#8217;AMAV<\/i><\/span><\/span><\/span><\/p>\n<p align=\"left\"><span style=\"font-size: medium;\"><i><span style=\"color: #000000;\"><span style=\"font-family: ArialMT, sans-serif;\">Didier Beaudet<\/span><\/span><\/i><\/span><\/p>\n<p align=\"left\"><span style=\"color: #000000;\"><span style=\"font-family: LiberationSerif, sans-serif;\"><span style=\"font-size: medium;\">&#8212;&#8212;&#8212;&#8212;&#8212;&#8212;&#8212;&#8212;&#8212;&#8212;&#8212;&#8212;&#8212;&#8212;&#8212;&#8212;&#8212;&#8212;&#8212;&#8212;&#8212;&#8212;&#8212;&#8212;&#8212;&#8212;&#8212;&#8212;&#8212;&#8212;&#8212;&#8212;&#8212;&#8212;&#8212;&#8212;&#8212;&#8212;&#8211;<\/span><\/span><\/span><\/p>\n<p align=\"left\"><span style=\"font-family: Arial, sans-serif;\"><span style=\"font-size: medium;\"><span style=\"color: #ff0000;\">6 mars <\/span><span style=\"color: #000000;\">: partenariat Ligue de l&#8217;enseignement, l&#8217;Avant-Sc<\/span><span style=\"color: #000000;\">\u00e8<\/span><span style=\"color: #000000;\">ne &#8211; Citoyen du Monde \u2192<\/span><\/span><\/span><\/p>\n<p align=\"left\"><span style=\"font-family: Arial, sans-serif;\"><span style=\"font-size: medium;\"><span style=\"color: #000000;\">autour du film &#8220;<\/span><span style=\"color: #000000;\"><i>Tilo Koto<\/i><\/span><span style=\"color: #000000;\">&#8220;, a l&#8217;Avant-Sc<\/span><span style=\"color: #000000;\">\u00e8<\/span><span style=\"color: #000000;\">ne <\/span><span style=\"color: #000000;\">\u00e0<\/span><span style=\"color: #000000;\"> Laval (pr\u00e9sence de la r\u00e9alisatrice et<\/span><\/span><\/span><\/p>\n<p align=\"left\"><span style=\"color: #000000;\"><span style=\"font-family: Arial, sans-serif;\"><span style=\"font-size: medium;\">d&#8217;un acteur) ;<\/span><\/span><\/span><\/p>\n<p align=\"left\"><span style=\"font-family: Arial, sans-serif;\"><span style=\"font-size: medium;\"><span style=\"color: #ff0000;\">8 mars <\/span><span style=\"color: #000000;\">: partenariat MPF <\/span><span style=\"color: #000000;\"><b>\u2013 <\/b><\/span><span style=\"color: #000000;\">Les Possibles \u2192 Course solidaire : \u226a <\/span><span style=\"color: #000000;\"><i>Ensemble contre<\/i><\/span><\/span><\/span><\/p>\n<p align=\"left\"><span style=\"font-family: Arial, sans-serif;\"><span style=\"font-size: medium;\"><span style=\"color: #000000;\"><i>les violences conjugales <\/i><\/span><span style=\"color: #000000;\">\u226b, au Bois de l\u2019Huisserie\u00a0;<\/span><\/span><\/span><\/p>\n<p align=\"left\"><span style=\"font-family: Arial, sans-serif;\"><span style=\"font-size: medium;\"><span style=\"color: #ff0000;\">12 mars <\/span><span style=\"color: #000000;\">: ENOSIA \u2192 soir\u00e9e &#8220;repas pizza&#8221; + cin<\/span><span style=\"color: #000000;\">\u00e9<\/span><span style=\"color: #000000;\">-d<\/span><span style=\"color: #000000;\">\u00e9<\/span><span style=\"color: #000000;\">bat autour du film &#8220;<\/span><span style=\"color: #000000;\"><i>Et vous,<\/i><\/span><\/span><\/span><\/p>\n<p align=\"left\"><span style=\"font-family: Arial, sans-serif;\"><span style=\"font-size: medium;\"><span style=\"color: #000000;\"><i>vous ne dites rien ?<\/i><\/span><span style=\"color: #000000;\">&#8220;, r\u00e9sidence Nicole Peu a Laval ;<\/span><\/span><\/span><\/p>\n<p align=\"left\"><span style=\"font-family: Arial, sans-serif;\"><span style=\"font-size: medium;\"><span style=\"color: #000000;\"><b>21 mars : &#8220;journ\u00e9e internationale pour l&#8217;\u00e9limination de la discrimination<\/b><\/span><\/span><\/span><\/p>\n<p align=\"left\"><span style=\"color: #000000;\"><span style=\"font-family: Arial, sans-serif;\"><span style=\"font-size: medium;\"><b>raciale&#8221;<\/b><\/span><\/span><\/span><\/p>\n<p align=\"left\"><span style=\"font-family: Arial, sans-serif;\"><span style=\"font-size: medium;\">le Conseil des jeunes de la ville de Laval pr\u00e9voit d&#8217;organiser des animations-jeux sur la place du 11 novembre.<\/span><\/span><\/p>\n<p align=\"left\"><span style=\"font-family: Arial, sans-serif;\"><span style=\"font-size: medium;\">Des stand sur la place avec la LDH, ATD , H\u00e9bergeurs solidaires, <\/span><\/span><\/p>\n<p align=\"left\"><span style=\"font-family: Arial, sans-serif;\"><span style=\"font-size: medium;\"><span style=\"color: #ff0000;\">21 mars <\/span><span style=\"color: #000000;\">: partenariat Accueil et Espoir &#8211; Theatre du Tiroir \u2192 autour du film &#8220;<\/span><span style=\"color: #000000;\"><i>Le<\/i><\/span><\/span><\/span><\/p>\n<p align=\"left\"><span style=\"font-family: Arial, sans-serif;\"><span style=\"font-size: medium;\"><span style=\"color: #000000;\"><i>Grand D\u00e9bat<\/i><\/span><span style=\"color: #000000;\">&#8221; ;<\/span><\/span><\/span><\/p>\n<p align=\"left\"><span style=\"font-family: Arial, sans-serif;\"><span style=\"font-size: medium;\"><span style=\"color: #ff0000;\">24 mars <\/span><span style=\"color: #000000;\">: partenariat La Vigie \u2013 Le Vox \u2192 Cin<\/span><span style=\"color: #000000;\">\u00e9<\/span><span style=\"color: #000000;\">-d<\/span><span style=\"color: #000000;\">\u00e9<\/span><span style=\"color: #000000;\">bat autour de la sant\u00e9 mentale ;<\/span><\/span><\/span><\/p>\n<p align=\"left\"><span style=\"font-family: Arial, sans-serif;\"><span style=\"font-size: medium;\"><span style=\"color: #ff0000;\">28 mars <\/span><span style=\"color: #000000;\">: <\/span><span style=\"color: #000000;\">partenariat LDH<\/span> <span style=\"color: #000000;\">\u2013 Avant-Sc<\/span><span style=\"color: #000000;\">\u00e8<\/span><span style=\"color: #000000;\">ne <\/span><span style=\"color: #000000;\">16 h <\/span><\/span><\/span><\/p>\n<p align=\"left\"><span style=\"font-family: Arial, sans-serif;\"><span style=\"font-size: medium;\"><span style=\"color: #000000;\">Cin<\/span><span style=\"color: #000000;\">\u00e9<\/span><span style=\"color: #000000;\">-d<\/span><span style=\"color: #000000;\">\u00e9<\/span><span style=\"color: #000000;\">bat autour du film \u226a<\/span><span style=\"color: #000000;\"><i>Armageddon Time <\/i><\/span><span style=\"color: #000000;\">\u226b ; <\/span><span style=\"color: #000000;\">sur le racisme<\/span><\/span><\/span><\/p>\n<p align=\"left\"><span style=\"font-family: Arial, sans-serif;\"><span style=\"font-size: medium;\"><span style=\"color: #ff0000;\">Vacances d\u2019avril <\/span><span style=\"color: #000000;\">: partenariat AMAV \u2013 Autre Radio \u2192 Micro-trottoir avec et par les<\/span><\/span><\/span><\/p>\n<p align=\"left\"><span style=\"color: #000000;\"><span style=\"font-family: Arial, sans-serif;\"><span style=\"font-size: medium;\">Voyageurs ;<\/span><\/span><\/span><\/p>\n<p align=\"left\"><span style=\"font-family: Arial, sans-serif;\"><span style=\"font-size: medium;\"><span style=\"color: #ff0000;\">Juin <\/span><span style=\"color: #000000;\">: partenariat AMAV \u2013 Les Possibles \u2192 Exposition sur les gens du voyage<\/span><\/span><\/span><\/p>\n<p align=\"left\"><span style=\"font-family: Arial, sans-serif;\"><span style=\"font-size: medium;\"><span style=\"color: #000000;\">aux Possibles.<\/span><\/span><\/span><\/p>\n","protected":false},"excerpt":{"rendered":"<p>Collectif Unissons Nos Diff\u00e9rences Editorial Le contexte g\u00e9opolitique actuel, chaotique et inqui\u00e9tant ne fait que renforcer l\u2019id\u00e9e que notre collectif Unissons Nos Diff\u00e9rences a toute sa place et toute sa l\u00e9gitimiste dans le tissu territorial ; \u00eatre unis pour lutter contre toutes les discriminations n&#8217;est pas seulement un combat, c&#8217;est un passeport pour le bien-\u00eatre [&hellip;]<\/p>\n","protected":false},"author":1,"featured_media":0,"comment_status":"closed","ping_status":"closed","sticky":false,"template":"","format":"standard","meta":{"footnotes":""},"categories":[1],"tags":[],"class_list":["post-82","post","type-post","status-publish","format-standard","hentry","category-blog"],"_links":{"self":[{"href":"https:\/\/www.ldh53.fr\/index.php\/wp-json\/wp\/v2\/posts\/82","targetHints":{"allow":["GET"]}}],"collection":[{"href":"https:\/\/www.ldh53.fr\/index.php\/wp-json\/wp\/v2\/posts"}],"about":[{"href":"https:\/\/www.ldh53.fr\/index.php\/wp-json\/wp\/v2\/types\/post"}],"author":[{"embeddable":true,"href":"https:\/\/www.ldh53.fr\/index.php\/wp-json\/wp\/v2\/users\/1"}],"replies":[{"embeddable":true,"href":"https:\/\/www.ldh53.fr\/index.php\/wp-json\/wp\/v2\/comments?post=82"}],"version-history":[{"count":1,"href":"https:\/\/www.ldh53.fr\/index.php\/wp-json\/wp\/v2\/posts\/82\/revisions"}],"predecessor-version":[{"id":83,"href":"https:\/\/www.ldh53.fr\/index.php\/wp-json\/wp\/v2\/posts\/82\/revisions\/83"}],"wp:attachment":[{"href":"https:\/\/www.ldh53.fr\/index.php\/wp-json\/wp\/v2\/media?parent=82"}],"wp:term":[{"taxonomy":"category","embeddable":true,"href":"https:\/\/www.ldh53.fr\/index.php\/wp-json\/wp\/v2\/categories?post=82"},{"taxonomy":"post_tag","embeddable":true,"href":"https:\/\/www.ldh53.fr\/index.php\/wp-json\/wp\/v2\/tags?post=82"}],"curies":[{"name":"wp","href":"https:\/\/api.w.org\/{rel}","templated":true}]}}