{"id":58,"date":"2025-12-29T09:08:41","date_gmt":"2025-12-29T09:08:41","guid":{"rendered":"https:\/\/www.ldh53.fr\/?p=58"},"modified":"2025-12-31T09:24:40","modified_gmt":"2025-12-31T09:24:40","slug":"archives-buisson","status":"publish","type":"post","link":"https:\/\/www.ldh53.fr\/index.php\/2025\/12\/29\/archives-buisson\/","title":{"rendered":"Archives BUISSON"},"content":{"rendered":"\n<p>Les archives du conseiller qui a travaill\u00e9 \u00e0 l&#8217;Elys\u00e9e aupr\u00e8s du pr\u00e9sident Sarkosy sont l&#8217;objet d\u2019une querelle autour de leur d\u00e9p\u00f4t. Une communaut\u00e9 religieuse d\u2019extr\u00eame droite situ\u00e9e en Mayenne, serait d\u00e9sign\u00e9e pour en \u00eatre destinataire.<\/p>\n\n\n\n<p><\/p>\n\n\n\n<p><em><strong>Le 28 d\u00e9cembre,la pr\u00e9fecture a d\u00e9cid\u00e9. Les archives ne seront pas vers\u00e9es \u00e0 la communaut\u00e9 religieuse \u00e0 Chem\u00e9r\u00e9 le Roi<\/strong><\/em><\/p>\n\n\n<h2 class=\"western\"><strong><span style=\"font-size: large;\">Le communiqu\u00e9 de la LDH 53 :<\/span><\/strong><\/h2>\n<h2 class=\"western\"><strong><span style=\"font-size: large;\">Archives de Monsieur Buisson : <\/span><\/strong><strong><span style=\"font-size: large;\">une d\u00e9cision pr\u00e9fectorale attendue<\/span><\/strong><\/h2>\n<p>Les archives de Monsieur Buisson sont issues, pour l\u2019essentiel, de ses fonctions exerc\u00e9es au sein des plus hautes institutions de la R\u00e9publique, notamment \u00e0 la Pr\u00e9sidence de la R\u00e9publique. Elles ne peuvent, de ce fait, \u00eatre assimil\u00e9es \u00e0 de simples archives priv\u00e9es. Elles rel\u00e8vent pleinement du patrimoine archivistique public et doivent \u00eatre trait\u00e9es comme telles.<\/p>\n<p>La conservation des archives, qu\u2019elles soient \u00e9crites ou num\u00e9riques, ne rel\u00e8ve ni de pratiques improvis\u00e9es ni de consid\u00e9rations id\u00e9ologiques. Elle repose sur des comp\u00e9tences techniques, scientifiques et professionnelles exigeantes, d\u00e9velopp\u00e9es par les services publics d\u2019archives afin de garantir l\u2019int\u00e9grit\u00e9, la s\u00e9curit\u00e9 et la p\u00e9rennit\u00e9 des documents. Une communaut\u00e9 religieuse, tel celle de Chemer\u00e9 la Roi, ne dispose ni des moyens, ni des savoir-faire, ni du cadre r\u00e9glementaire n\u00e9cessaires pour assurer cette mission dans le respect des normes en vigueur.<\/p>\n<p>Par ailleurs, ces archives \u00e9tant directement li\u00e9es au fonctionnement des institutions r\u00e9publicaines, leur acc\u00e8s et leur consultation ne peuvent relever d\u2019un pouvoir discr\u00e9tionnaire ext\u00e9rieur \u00e0 l\u2019\u00c9tat, qui plus est politiquement marqu\u00e9 \u00e0 l\u2019extr\u00eame droite. Les r\u00e8gles d\u2019acc\u00e8s aux archives publiques sont strictement encadr\u00e9es par la loi. Elles constituent l\u2019un des fondements de l\u2019\u00c9tat de droit et visent \u00e0 garantir un acc\u00e8s \u00e9quitable aux chercheurs, historiens et citoyens, dans des conditions permettant des analyses pluralistes, rigoureuses et contradictoires.<\/p>\n<p>La question pos\u00e9e est donc \u00e9minemment politique et d\u00e9mocratique. Il s\u2019agit de savoir si des archives publiques, porteuses de m\u00e9moire et d\u2019histoire, peuvent \u00eatre soustraites au cadre r\u00e9publicain pour devenir des instruments d\u2019interpr\u00e9tation orient\u00e9e, voire de manipulation id\u00e9ologique, au service d\u2019int\u00e9r\u00eats partisans, ici d\u2019extr\u00eame droite.<\/p>\n<p>Nous affirmons que la pr\u00e9servation, la conservation et la communication de ces archives doivent relever exclusivement des services publics comp\u00e9tents. C\u2019est une exigence d\u00e9mocratique, une garantie pour la recherche historique et un imp\u00e9ratif pour le respect des principes fondamentaux de la R\u00e9publique.<\/p>\n<p>le 27 12 2025<\/p>\n\n\n<p><\/p>\n","protected":false},"excerpt":{"rendered":"<p>Les archives du conseiller qui a travaill\u00e9 \u00e0 l&#8217;Elys\u00e9e aupr\u00e8s du pr\u00e9sident Sarkosy sont l&#8217;objet d\u2019une querelle autour de leur d\u00e9p\u00f4t. Une communaut\u00e9 religieuse d\u2019extr\u00eame droite situ\u00e9e en Mayenne, serait d\u00e9sign\u00e9e pour en \u00eatre destinataire. Le 28 d\u00e9cembre,la pr\u00e9fecture a d\u00e9cid\u00e9. Les archives ne seront pas vers\u00e9es \u00e0 la communaut\u00e9 religieuse \u00e0 Chem\u00e9r\u00e9 le Roi [&hellip;]<\/p>\n","protected":false},"author":1,"featured_media":0,"comment_status":"closed","ping_status":"","sticky":false,"template":"","format":"standard","meta":{"footnotes":""},"categories":[1],"tags":[],"class_list":["post-58","post","type-post","status-publish","format-standard","hentry","category-blog"],"_links":{"self":[{"href":"https:\/\/www.ldh53.fr\/index.php\/wp-json\/wp\/v2\/posts\/58","targetHints":{"allow":["GET"]}}],"collection":[{"href":"https:\/\/www.ldh53.fr\/index.php\/wp-json\/wp\/v2\/posts"}],"about":[{"href":"https:\/\/www.ldh53.fr\/index.php\/wp-json\/wp\/v2\/types\/post"}],"author":[{"embeddable":true,"href":"https:\/\/www.ldh53.fr\/index.php\/wp-json\/wp\/v2\/users\/1"}],"replies":[{"embeddable":true,"href":"https:\/\/www.ldh53.fr\/index.php\/wp-json\/wp\/v2\/comments?post=58"}],"version-history":[{"count":3,"href":"https:\/\/www.ldh53.fr\/index.php\/wp-json\/wp\/v2\/posts\/58\/revisions"}],"predecessor-version":[{"id":66,"href":"https:\/\/www.ldh53.fr\/index.php\/wp-json\/wp\/v2\/posts\/58\/revisions\/66"}],"wp:attachment":[{"href":"https:\/\/www.ldh53.fr\/index.php\/wp-json\/wp\/v2\/media?parent=58"}],"wp:term":[{"taxonomy":"category","embeddable":true,"href":"https:\/\/www.ldh53.fr\/index.php\/wp-json\/wp\/v2\/categories?post=58"},{"taxonomy":"post_tag","embeddable":true,"href":"https:\/\/www.ldh53.fr\/index.php\/wp-json\/wp\/v2\/tags?post=58"}],"curies":[{"name":"wp","href":"https:\/\/api.w.org\/{rel}","templated":true}]}}