{"id":20,"date":"2025-11-08T17:14:40","date_gmt":"2025-11-08T17:14:40","guid":{"rendered":"https:\/\/www.ldh53.fr\/?p=20"},"modified":"2025-11-15T11:05:53","modified_gmt":"2025-11-15T11:05:53","slug":"plusieurs-focus-sur-lactualite","status":"publish","type":"post","link":"https:\/\/www.ldh53.fr\/index.php\/2025\/11\/08\/plusieurs-focus-sur-lactualite\/","title":{"rendered":"COP 30"},"content":{"rendered":"\n<p><\/p>\n\n\n\n<p><\/p>\n\n\n\n<figure class=\"wp-block-table\"><table class=\"has-fixed-layout\"><tbody><tr><td><a href=\"http:\/\/r.mailing.ldh-france.org\/mk\/cl\/f\/sh\/1t6Af4OiGsF30knSRmXyY6EKTlNzm5\/wE0sahbhoe9-\"><strong>Convention-cadre des Nations unies sur les changements climatiques : le moment est venu de concr\u00e9tiser une Transition Juste r\u00e9pondant aux besoins des population<\/strong><\/a><\/td><\/tr><tr><td><strong>Lettre ouverte commune adress\u00e9e au gouvernement fran\u00e7ais et aux n\u00e9gociateurs lors de la COP30 de Bel\u00e9m<\/strong><br><strong>A l\u2019attention de Monique Barbut, ministre de la Transition \u00e9cologique, de la Biodiversit\u00e9, de la For\u00eat, de la Mer et de la P\u00eache, et Beno\u00eet Faraco, ambassadeur charg\u00e9 des n\u00e9gociations sur le changement climatique<\/strong><br>Il y a dix ans, le texte de l\u2019Accord de Paris portait une promesse en int\u00e9grant la \u00ab transition juste \u00bb en compl\u00e9ment du principe de \u00ab responsabilit\u00e9 commune et diff\u00e9renci\u00e9e \u00bb: l\u2019action climatique prot\u00e9gerait les droits et les moyens de subsistance des populations \u2013 en faisant reposer l\u2019effort de transition sur ceux qui en sont historiquement responsables. La<br>\u00ab <em>responsabilit\u00e9 commune et diff\u00e9renci\u00e9e<\/em> \u00bb impliquait donc une mise \u00e0 contribution r\u00e9elle des pays et des personnes les plus riches, ainsi que des entreprises multinationales. L\u2019engagement \u00e0 mettre en \u0153uvre une Transition juste impliquait par ailleurs de placer au centre de la transition les travailleurs et travailleuses, avec leur syndicat, et plus g\u00e9n\u00e9ralement la soci\u00e9t\u00e9 civile et les Peuples autochtones. Ce sont l\u00e0 des conditions essentielles pour construire un futur ancr\u00e9 dans les droits, l\u2019\u00e9quit\u00e9, la justice et la solidarit\u00e9. C\u2019\u00e9tait aussi un appel \u00e0 une coop\u00e9ration internationale sans pr\u00e9c\u00e9dent, afin que chaque pays puisse trouver de nouvelles voies vers la justice sociale et environnementale tenant compte des limites plan\u00e9taires.<br><strong>Dix ans plus tard, cette promesse reste inachev\u00e9e.<\/strong><br>Au lieu de cela, nous assistons \u00e0 une action climatique au point mort, \u00e0 des in\u00e9galit\u00e9s croissantes et \u00e0 une intensification de la pr\u00e9carit\u00e9 et de la pauvret\u00e9, du Nord au Sud, de l\u2019Est \u00e0 l\u2019Ouest. Pire, les \u00e9missions de gaz \u00e0 effet de serre et les diverses pollutions d\u2019origine humaine continuent d\u2019augmenter \u00e0 un rythme effr\u00e9n\u00e9.<br>Nous continuons de soutenir le principe des COP comme espaces essentiels o\u00f9 les Etats du monde entier peuvent renforcer leurs engagements climatiques.<br>\u00c0 la COP27 en 2022, la cr\u00e9ation du Programme de travail sur la Transition juste (JTWP) a constitu\u00e9 une premi\u00e8re d\u00e9marche importante pour placer la justice au c\u0153ur de l\u2019action climatique. Mais les mots qui ne sont pas suivis d\u2019action sont des mots creux. \u00c0 la COP30 \u00e0 Bel\u00e9m, les gouvernements ont la chance de transformer une politique trop longtemps report\u00e9e en r\u00e9alit\u00e9.<br>Nos organisations \u2013 repr\u00e9sentant des travailleurs et travailleuses, des collectifs f\u00e9ministes, de jeunesse, des mouvements \u00e9cologistes et sociaux, de d\u00e9fense des droits de l\u2019Homme et des libert\u00e9s fondamentales, et les communaut\u00e9s en premi\u00e8re ligne \u2013 appellent tous les pays n\u00e9gociateurs \u00e0 prendre une d\u00e9cision \u00e0 Bel\u00e9m qui am\u00e9liorera tangiblement la vie et les moyens de subsistance de millions de personnes, en fixant une nouvelle orientation pour la coop\u00e9ration climatique : une orientation qui place les personnes et leurs droits au centre.<br>Nous appelons \u00e0 l\u2019adoption d\u2019un ensemble d\u00e9cisif pour une Transition Juste \u00e0 la COP30&nbsp;<br><strong>Le M\u00e9canisme d\u2019action de Bel\u00e9m (BAM) pour la Transition juste<\/strong>Un nouveau m\u00e9canisme multilat\u00e9ral pour orienter l\u2019ensemble du syst\u00e8me international et les Etats vers des transitions centr\u00e9es sur l\u2019humain aux niveaux local et national, qui permettent aux travailleurs et aux communaut\u00e9s de contr\u00f4ler les d\u00e9cisions qui affectent leur vie et leurs moyens de subsistance. Le BAM doit rendre le financement et le soutien technique accessibles ; coordonner les efforts de transition juste au sein et en dehors de la COP ; s\u2019attaquer aux r\u00e8gles mondiales, notamment commerciales, qui font obstacle \u00e0 une Transition juste &nbsp;; construire un r\u00e9seau mondial de coop\u00e9ration et d\u2019apprentissage ; et garantir une repr\u00e9sentation formelle des organisations de la soci\u00e9t\u00e9 civile, notamment des groupes les plus expos\u00e9s au changement climatique, ainsi que des syndicats et repr\u00e9sentant.es des travailleur.ses. En France cela signifie le respect et l\u2019approfondissement radical d\u2019une d\u00e9mocratie sociale au service de la transition environnementale. Les syndicats et la soci\u00e9t\u00e9 civile sont au c\u0153ur des enjeux climatiques, leurs voix ne peuvent rester d\u00e9nigr\u00e9es plus longtemps.&nbsp;<strong>Des normes contraignantes pour la Transition Juste dans le processus de la COP<\/strong>Un cadre commun ancr\u00e9 dans les droits, la participation et l\u2019\u00e9galit\u00e9 dans tous les secteurs \u2013 incluant les droits humains et du travail, le consentement libre, inform\u00e9 et pr\u00e9alable, une n\u00e9gociation collective et un dialogue social r\u00e9els avec les travailleurs. Ces normes doivent garantir que les transitions cr\u00e9ent un travail d\u00e9cent, s\u2019attaquent aux in\u00e9galit\u00e9s, promeuvent le travail du soin (care), sont soutenues par la coop\u00e9ration internationale et disposent des moyens n\u00e9cessaires \u00e0 leur mise en \u0153uvre. Les parties doivent \u00e9galement \u00e9viter de s\u2019engager vers des solutions sans fondement scientifique et empirique solide, qui sont des \u00e9chappatoires \u00e0 un virage politique cons\u00e9quent dans la lutte contre le changement climatique.&nbsp;<strong>Financer la Transition Juste<\/strong>La COP30 doit reconna\u00eetre que la conception et la mise en \u0153uvre de politiques de transition juste n\u00e9cessitent des ressources d\u00e9di\u00e9es. Le financement doit \u00eatre nouveau, additionnel, sous forme de dons, public, ad\u00e9quat, pr\u00e9visible et ne pas g\u00e9n\u00e9rer de dette \u2013 conform\u00e9ment \u00e0 l\u2019\u00e9quit\u00e9 et aux obligations l\u00e9gales des pays. Cela implique que la France respecte ses engagements financiers vis-\u00e0-vis des pays en d\u00e9veloppement, qui en 2021 promettait d\u2019atteindre les 0,7% du PIB. C\u2019est l\u2019inverse de ce qu\u2019on observe dans le projet de budget actuel o\u00f9 l\u2019aide publique au d\u00e9veloppement est programm\u00e9e en baisse de 19%.<strong>Int\u00e9gration des plans de Transition juste dans les Contributions nationalement d\u00e9termin\u00e9es, les Plans nationaux d\u2019adaptation et les Strat\u00e9gies nationales bas carbone<\/strong>Les pays doivent int\u00e9grer des actions de transition juste dans leurs documents officiels de planification climatique, en alignant les objectifs de d\u00e9veloppement et climatiques \u00e0 long terme sur la justice sociale et l\u2019\u00e9quit\u00e9.&nbsp;<strong>Institutions nationales pour la participation des travailleurs et des peuples<\/strong>Les gouvernements doivent mettre en place des institutions et des processus de consultation et de participation robustes et inclusifs dans les processus de planification et de prise de d\u00e9cision aux niveaux national, r\u00e9gional et local. D\u2019une part, gr\u00e2ce \u00e0 un dialogue social tripartite impliquant le gouvernement, les employeurs et les travailleurs pour fa\u00e7onner les politiques du travail, et d\u2019autre part, gr\u00e2ce \u00e0 l\u2019engagement des d\u00e9tenteurs de droits et des parties prenantes concern\u00e9es sur tous les autres aspects de la Transition juste.L\u2019action climatique doit fonctionner pour les peuples, et non contre eux.<br>Bien men\u00e9e, une Transition juste m\u00e8ne \u00e0 des emplois d\u00e9cents, des moyens de subsistance s\u00e9curis\u00e9s, la souverainet\u00e9 alimentaire et \u00e9nerg\u00e9tique, des communaut\u00e9s plus s\u00fbres et un avenir vivable pour tous et toutes. Ignor\u00e9e, elle devient la prochaine excuse pour le retard, l\u2019exclusion et la capture de l\u2019int\u00e9r\u00eat public.<br>Nous sommes unis \u2013 syndicats, leaders autochtones, f\u00e9ministes, jeunes, environnementalistes, association de d\u00e9fense des droits de l\u2019Homme et mouvements populaires \u2013 dans une demande commune de justice et de transformation, pour une action \u00e0 la hauteur de l\u2019ampleur de la crise et de la dignit\u00e9 de ceux et celles qui la vivent.Que l\u2019on se souvienne de la COP30 \u00e0 Bel\u00e9m comme du moment o\u00f9 le monde a choisi l\u2019\u00e9quit\u00e9 plut\u00f4t que l\u2019\u00e9chec \u2013 quand les gouvernements ont prouv\u00e9 que le multilat\u00e9ralisme peut encore \u00eatre au service des peuples et de la plan\u00e8te.<br>Cordialement,<br>Premiers signataires :&nbsp;Conf\u00e9d\u00e9ration g\u00e9n\u00e9rale du travail (CGT), Conf\u00e9d\u00e9ration fran\u00e7aise d\u00e9mocratique du travail, F\u00e9d\u00e9ration syndicale unitaire (FSU), LDH (Ligue des droits de l\u2019Homme),&nbsp;R\u00e9seau action climat (RAC), Union nationale des syndicats autonome (UNSA), Union syndicale Solidaires (USS)<\/td><\/tr><\/tbody><\/table><\/figure>\n\n\n\n<figure class=\"wp-block-gallery has-nested-images columns-default is-cropped wp-block-gallery-1 is-layout-flex wp-block-gallery-is-layout-flex\">\n<figure class=\"wp-block-image size-large\"><img loading=\"lazy\" decoding=\"async\" width=\"724\" height=\"1024\" data-id=\"36\" src=\"https:\/\/www.ldh53.fr\/wp-content\/uploads\/2025\/11\/Lettre-ouverte-au-gouvernement-francais-et-aux-negociateurs-lors-de-la-COP-30-de-Belem-2-pdf-724x1024.jpg\" alt=\"\" class=\"wp-image-36\"\/><\/figure>\n<\/figure>\n","protected":false},"excerpt":{"rendered":"<p>Convention-cadre des Nations unies sur les changements climatiques : le moment est venu de concr\u00e9tiser une Transition Juste r\u00e9pondant aux besoins des population Lettre ouverte commune adress\u00e9e au gouvernement fran\u00e7ais et aux n\u00e9gociateurs lors de la COP30 de Bel\u00e9mA l\u2019attention de Monique Barbut, ministre de la Transition \u00e9cologique, de la Biodiversit\u00e9, de la For\u00eat, de [&hellip;]<\/p>\n","protected":false},"author":1,"featured_media":0,"comment_status":"closed","ping_status":"open","sticky":false,"template":"","format":"standard","meta":{"footnotes":""},"categories":[1],"tags":[],"class_list":["post-20","post","type-post","status-publish","format-standard","hentry","category-blog"],"_links":{"self":[{"href":"https:\/\/www.ldh53.fr\/index.php\/wp-json\/wp\/v2\/posts\/20","targetHints":{"allow":["GET"]}}],"collection":[{"href":"https:\/\/www.ldh53.fr\/index.php\/wp-json\/wp\/v2\/posts"}],"about":[{"href":"https:\/\/www.ldh53.fr\/index.php\/wp-json\/wp\/v2\/types\/post"}],"author":[{"embeddable":true,"href":"https:\/\/www.ldh53.fr\/index.php\/wp-json\/wp\/v2\/users\/1"}],"replies":[{"embeddable":true,"href":"https:\/\/www.ldh53.fr\/index.php\/wp-json\/wp\/v2\/comments?post=20"}],"version-history":[{"count":5,"href":"https:\/\/www.ldh53.fr\/index.php\/wp-json\/wp\/v2\/posts\/20\/revisions"}],"predecessor-version":[{"id":37,"href":"https:\/\/www.ldh53.fr\/index.php\/wp-json\/wp\/v2\/posts\/20\/revisions\/37"}],"wp:attachment":[{"href":"https:\/\/www.ldh53.fr\/index.php\/wp-json\/wp\/v2\/media?parent=20"}],"wp:term":[{"taxonomy":"category","embeddable":true,"href":"https:\/\/www.ldh53.fr\/index.php\/wp-json\/wp\/v2\/categories?post=20"},{"taxonomy":"post_tag","embeddable":true,"href":"https:\/\/www.ldh53.fr\/index.php\/wp-json\/wp\/v2\/tags?post=20"}],"curies":[{"name":"wp","href":"https:\/\/api.w.org\/{rel}","templated":true}]}}