{"id":1,"date":"2025-11-06T11:07:11","date_gmt":"2025-11-06T11:07:11","guid":{"rendered":"http:\/\/qrxkdze.cluster100.hosting.ovh.net\/?p=1"},"modified":"2025-11-15T11:02:10","modified_gmt":"2025-11-15T11:02:10","slug":"hello-world","status":"publish","type":"post","link":"https:\/\/www.ldh53.fr\/index.php\/2025\/11\/06\/hello-world\/","title":{"rendered":"Europe"},"content":{"rendered":"\n<figure class=\"wp-block-table\"><table class=\"has-fixed-layout\"><tbody><tr><td><\/td><\/tr><tr><td><a href=\"http:\/\/r.mailing.ldh-france.org\/mk\/cl\/f\/sh\/1t6Af4OiGsFxgBCJEUjoscLzFPLTCD\/ZOy8MJncJbPz\">La Commission europ\u00e9enne publie sa strat\u00e9gie tant attendue en faveur de la soci\u00e9t\u00e9 civile, une avanc\u00e9e positive<\/a><\/td><\/tr><tr><td><strong>Communiqu\u00e9 du Forum civique europ\u00e9en (FCE) dont la LDH est membre<\/strong><br><strong>La Commission europ\u00e9enne a publi\u00e9 aujourd\u2019hui sa strat\u00e9gie pour la soci\u00e9t\u00e9 civile, qui vise \u00e0 soutenir, renforcer l\u2019autonomie, prot\u00e9ger les organisations et les militants de la soci\u00e9t\u00e9 civile. Ce document, pour lequel la soci\u00e9t\u00e9 civile milite depuis longtemps, arrive dans un contexte d\u2019attaques politiques r\u00e9p\u00e9t\u00e9es contre les fondements m\u00eames de la d\u00e9mocratie, notamment contre les organisations \u00e0 but non lucratif et les d\u00e9fenseurs des droits humains. Maintenant, la Commission doit veiller \u00e0 ce que cette strat\u00e9gie tienne ses promesses et favorise un espace civique dynamique qui contribue \u00e0 ce que la d\u00e9mocratie apporte \u00e0 toutes et tous.<\/strong><br>Le Forum civique europ\u00e9en (FCE), qui milite depuis plusieurs ann\u00e9es en faveur d\u2019une telle strat\u00e9gie, se f\u00e9licite que le document reconnaisse clairement les divers r\u00f4les jou\u00e9s par la soci\u00e9t\u00e9 civile et qu\u2019il propose un cadre positif pour renforcer sa contribution \u00e0 la d\u00e9mocratie et \u00e0 la vie publique.<br>La strat\u00e9gie invite les autorit\u00e9s europ\u00e9ennes et nationales \u00e0 associer les organisations de la soci\u00e9t\u00e9 civile \u00e0 toutes les \u00e9tapes pour l\u2019\u00e9laboration, la mise en \u0153uvre et l\u2019\u00e9valuation des politiques publiques, et \u00e0 fournir un financement et une protection ad\u00e9quats aux acteurs civiques. Cela est particuli\u00e8rement important \u00e0 un moment o\u00f9 des int\u00e9r\u00eats particuliers conduisent \u00e0 remettre en question la l\u00e9gitimit\u00e9 du plaidoyer et du financement de la soci\u00e9t\u00e9 civile.<br>La strat\u00e9gie promet aussi de renforcer et coordonner les mesures visant \u00e0 prot\u00e9ger les organisations de la soci\u00e9t\u00e9 civile (OSC) et les d\u00e9fenseurs des droits humains confront\u00e9s \u00e0 des attaques et autres risques. Cela fait suite aux appels r\u00e9p\u00e9t\u00e9s des ONG pour la mise en place d\u2019un m\u00e9canisme de protection au niveau de l\u2019UE.<br>Commentant cette publication, Veronika M\u00f3ra, copr\u00e9sidente du FCE, a d\u00e9clar\u00e9 : \u00ab <em>Cette strat\u00e9gie est une \u00e9tape importante, la Commission europ\u00e9enne reconnaissant la soci\u00e9t\u00e9 civile dans toute sa diversit\u00e9 comme une composante essentielle de nos d\u00e9mocraties, y compris dans ses r\u00f4les d\u2019observateur, d\u2019alerte et de d\u00e9fense des droits. Les organisations de la soci\u00e9t\u00e9 civile et les d\u00e9fenseurs des droits humains font le lien avec les parties de la soci\u00e9t\u00e9 \u00e9loign\u00e9es du champ politique, en int\u00e9grant leurs pr\u00e9occupations dans les d\u00e9bats publics et en veillant \u00e0 ce que la voix de chacun soit entendue<\/em>. \u00bb<br>Raffaella Bolini, copr\u00e9sidente du FCE, a ajout\u00e9 : \u00ab <em>Ces derni\u00e8res ann\u00e9es, nous avons assist\u00e9 \u00e0 une recrudescence des attaques antid\u00e9mocratiques contre la soci\u00e9t\u00e9 civile, depuis la loi sur les \u00ab agents \u00e9trangers \u00bb adopt\u00e9e par Orb\u00e1n en 2017 jusqu\u2019aux derni\u00e8res attaques contre les ONG au Parlement europ\u00e9en. En ces temps sombres, nous avons un besoin urgent de mesures concr\u00e8tes pour soutenir la soci\u00e9t\u00e9 civile. Les affirmations bienvenues et les bonnes intentions affich\u00e9es dans cette strat\u00e9gie doivent d\u00e9sormais se traduire en actions concr\u00e8tes. Nous sommes pr\u00eats \u00e0 soutenir la Commission pour y parvenir.&nbsp;<\/em>\u00bb<br><strong>Des ann\u00e9es de campagne<\/strong><br>La campagne en faveur d\u2019une strat\u00e9gie de l\u2019UE pour la soci\u00e9t\u00e9 civile a donn\u00e9 lieu \u00e0 une mobilisation de longue dur\u00e9e des OSC, notamment dans le cadre de \u00ab Reclaim our Civil Space \u00bb (R\u00e9clamons notre espace civil), initiative men\u00e9e par la fondation \u00d6kot\u00e1rs-Hungarian Environmental Partnership Foundation en coop\u00e9ration avec des OSC de Bulgarie, de Tch\u00e9quie, de Pologne, de Roumanie, de Serbie et de Slovaquie. En 2022, le FCE et Civil Society Europe ont lanc\u00e9 un appel en faveur d\u2019une strat\u00e9gie pour la soci\u00e9t\u00e9 civile, soutenu par plus de 300 OSC de toute l\u2019Europe. Une r\u00e9solution du Parlement europ\u00e9en a repris l\u2019objectif.<br>\u00c0 l\u2019approche des \u00e9lections europ\u00e9ennes de 2024, une large coalition men\u00e9e par Civil Society Europe et la Plateforme Sociale a obtenu le soutien de plus de 100 d\u00e9put\u00e9s europ\u00e9ens nouvellement \u00e9lus. Cette strat\u00e9gie est le fruit des efforts consid\u00e9rables d\u00e9ploy\u00e9s par des personnes d\u00e9termin\u00e9es et engag\u00e9es au sein de la Commission europ\u00e9enne, du Parlement europ\u00e9en et de l\u2019Agence des droits fondamentaux.<br>S\u2019exprimant sur ces efforts collectifs, Giada Negri, co-secr\u00e9taire g\u00e9n\u00e9rale par int\u00e9rim du FCE, a d\u00e9clar\u00e9 : \u00ab <em>Aujourd\u2019hui, nous lisons une reconnaissance historique du r\u00f4le que jouent chaque jour les acteurs civiques. De la lutte contre la corruption et le recul d\u00e9mocratique \u00e0 la mobilisation en r\u00e9ponse \u00e0 des urgences telles que la pand\u00e9mie et les catastrophes environnementales, la soci\u00e9t\u00e9 civile contribue \u00e0 faire des droits fondamentaux une r\u00e9alit\u00e9. Mais notre travail ne s\u2019arr\u00eate pas l\u00e0 : cette strat\u00e9gie n\u2019est qu\u2019un point de d\u00e9part. Nous continuerons \u00e0 nous mobiliser pour que la Commission europ\u00e9enne traduise ses paroles en actions ambitieuses et concr\u00e8tes, et pour le respect par les gouvernements d\u2019une obligation \u00e0 financer, impliquer et prot\u00e9ger la soci\u00e9t\u00e9 civile<\/em> \u00bb.<br><em>Bruxelles, le 12 novembre 2025&nbsp;<\/em><\/td><\/tr><\/tbody><\/table><\/figure>\n","protected":false},"excerpt":{"rendered":"<p>La Commission europ\u00e9enne publie sa strat\u00e9gie tant attendue en faveur de la soci\u00e9t\u00e9 civile, une avanc\u00e9e positive Communiqu\u00e9 du Forum civique europ\u00e9en (FCE) dont la LDH est membreLa Commission europ\u00e9enne a publi\u00e9 aujourd\u2019hui sa strat\u00e9gie pour la soci\u00e9t\u00e9 civile, qui vise \u00e0 soutenir, renforcer l\u2019autonomie, prot\u00e9ger les organisations et les militants de la soci\u00e9t\u00e9 civile. [&hellip;]<\/p>\n","protected":false},"author":1,"featured_media":0,"comment_status":"closed","ping_status":"open","sticky":false,"template":"","format":"standard","meta":{"footnotes":""},"categories":[1],"tags":[],"class_list":["post-1","post","type-post","status-publish","format-standard","hentry","category-blog"],"_links":{"self":[{"href":"https:\/\/www.ldh53.fr\/index.php\/wp-json\/wp\/v2\/posts\/1","targetHints":{"allow":["GET"]}}],"collection":[{"href":"https:\/\/www.ldh53.fr\/index.php\/wp-json\/wp\/v2\/posts"}],"about":[{"href":"https:\/\/www.ldh53.fr\/index.php\/wp-json\/wp\/v2\/types\/post"}],"author":[{"embeddable":true,"href":"https:\/\/www.ldh53.fr\/index.php\/wp-json\/wp\/v2\/users\/1"}],"replies":[{"embeddable":true,"href":"https:\/\/www.ldh53.fr\/index.php\/wp-json\/wp\/v2\/comments?post=1"}],"version-history":[{"count":1,"href":"https:\/\/www.ldh53.fr\/index.php\/wp-json\/wp\/v2\/posts\/1\/revisions"}],"predecessor-version":[{"id":30,"href":"https:\/\/www.ldh53.fr\/index.php\/wp-json\/wp\/v2\/posts\/1\/revisions\/30"}],"wp:attachment":[{"href":"https:\/\/www.ldh53.fr\/index.php\/wp-json\/wp\/v2\/media?parent=1"}],"wp:term":[{"taxonomy":"category","embeddable":true,"href":"https:\/\/www.ldh53.fr\/index.php\/wp-json\/wp\/v2\/categories?post=1"},{"taxonomy":"post_tag","embeddable":true,"href":"https:\/\/www.ldh53.fr\/index.php\/wp-json\/wp\/v2\/tags?post=1"}],"curies":[{"name":"wp","href":"https:\/\/api.w.org\/{rel}","templated":true}]}}